{"id":1420,"date":"2024-01-17T03:20:42","date_gmt":"2024-01-17T08:20:42","guid":{"rendered":"https:\/\/www.ifoto.ai\/blog\/?p=1420"},"modified":"2024-06-04T02:56:59","modified_gmt":"2024-06-04T06:56:59","slug":"purple-aesthetic","status":"publish","type":"post","link":"https:\/\/www.ifoto.ai\/blog\/es\/purple-aesthetic\/","title":{"rendered":"Est\u00e9tica p\u00farpura: Explorando el encantador mundo del p\u00farpura"},"content":{"rendered":"<p>Desde misteriosos atardeceres hasta delicadas flores, el morado siempre ha cautivado el ojo humano. Este art\u00edculo optimizado para SEO profundiza en el mundo del \u201c<a href=\"https:\/\/www.ifoto.ai\/purple-background\">est\u00e9tica morada<\/a>\u201d \u2013 el encanto encantador de este color cautivador. \u00danase a nosotros mientras exploramos la psicolog\u00eda detr\u00e1s del morado, su presencia en varios campos creativos y formas de incorporarlo a su vida. Prep\u00e1rese para inspirarse en el fascinante reino de la est\u00e9tica violeta.<\/p>\n\n\n\n<figure class=\"wp-block-image size-large\"><img loading=\"lazy\" decoding=\"async\" width=\"1024\" height=\"287\" src=\"https:\/\/www.ifoto.ai\/blog\/wp-content\/uploads\/purple-aesthetic-1024x287.jpeg\" alt=\"Est\u00e9tica p\u00farpura\" class=\"wp-image-3071\" srcset=\"https:\/\/www.ifoto.ai\/blog\/wp-content\/uploads\/purple-aesthetic-1024x287.jpeg 1024w, https:\/\/www.ifoto.ai\/blog\/wp-content\/uploads\/purple-aesthetic-300x84.jpeg 300w, https:\/\/www.ifoto.ai\/blog\/wp-content\/uploads\/purple-aesthetic-768x215.jpeg 768w, https:\/\/www.ifoto.ai\/blog\/wp-content\/uploads\/purple-aesthetic.jpeg 1129w\" sizes=\"(max-width: 1024px) 100vw, 1024px\" \/><\/figure>\n\n\n\n<div id=\"ez-toc-container\" class=\"ez-toc-v2_0_66_1 ez-toc-wrap-left counter-hierarchy ez-toc-counter ez-toc-custom ez-toc-container-direction\">\n<div class=\"ez-toc-title-container\">\n<p class=\"ez-toc-title\" >Tabla de contenidos<\/p>\n<span class=\"ez-toc-title-toggle\"><a href=\"#\" class=\"ez-toc-pull-right ez-toc-btn ez-toc-btn-xs ez-toc-btn-default ez-toc-toggle\" aria-label=\"Tabla de contenidos\"><span class=\"ez-toc-js-icon-con\"><span class=\"\"><span class=\"eztoc-hide\" style=\"display:none;\">Toggle<\/span><span class=\"ez-toc-icon-toggle-span\"><svg style=\"fill: #6d58fb;color:#6d58fb\" xmlns=\"http:\/\/www.w3.org\/2000\/svg\" class=\"list-377408\" width=\"20px\" height=\"20px\" viewbox=\"0 0 24 24\" fill=\"none\"><path d=\"M6 6H4v2h2V6zm14 0H8v2h12V6zM4 11h2v2H4v-2zm16 0H8v2h12v-2zM4 16h2v2H4v-2zm16 0H8v2h12v-2z\" fill=\"currentColor\"><\/path><\/svg><svg style=\"fill: #6d58fb;color:#6d58fb\" class=\"arrow-unsorted-368013\" xmlns=\"http:\/\/www.w3.org\/2000\/svg\" width=\"10px\" height=\"10px\" viewbox=\"0 0 24 24\" version=\"1.2\" baseprofile=\"tiny\"><path d=\"M18.2 9.3l-6.2-6.3-6.2 6.3c-.2.2-.3.4-.3.7s.1.5.3.7c.2.2.4.3.7.3h11c.3 0 .5-.1.7-.3.2-.2.3-.5.3-.7s-.1-.5-.3-.7zM5.8 14.7l6.2 6.3 6.2-6.3c.2-.2.3-.5.3-.7s-.1-.5-.3-.7c-.2-.2-.4-.3-.7-.3h-11c-.3 0-.5.1-.7.3-.2.2-.3.5-.3.7s.1.5.3.7z\"\/><\/svg><\/span><\/span><\/span><\/a><\/span><\/div>\n<nav><ul class='ez-toc-list ez-toc-list-level-1' ><li class='ez-toc-page-1 ez-toc-heading-level-2'><a class=\"ez-toc-link ez-toc-heading-1\" href=\"https:\/\/www.ifoto.ai\/blog\/es\/purple-aesthetic\/#Introduction_to_Purple_Aesthetic\" title=\"Introducci\u00f3n a la est\u00e9tica morada\">Introducci\u00f3n a la est\u00e9tica morada<\/a><\/li><li class='ez-toc-page-1 ez-toc-heading-level-2'><a class=\"ez-toc-link ez-toc-heading-2\" href=\"https:\/\/www.ifoto.ai\/blog\/es\/purple-aesthetic\/#The_Psychology_of_Purple\" title=\"La psicolog\u00eda del morado\">La psicolog\u00eda del morado<\/a><\/li><li class='ez-toc-page-1 ez-toc-heading-level-2'><a class=\"ez-toc-link ez-toc-heading-3\" href=\"https:\/\/www.ifoto.ai\/blog\/es\/purple-aesthetic\/#Purple_Aesthetic_in_Fashion_and_Design\" title=\"Est\u00e9tica morada en moda y dise\u00f1o.\">Est\u00e9tica morada en moda y dise\u00f1o.<\/a><ul class='ez-toc-list-level-3' ><li class='ez-toc-heading-level-3'><a class=\"ez-toc-link ez-toc-heading-4\" href=\"https:\/\/www.ifoto.ai\/blog\/es\/purple-aesthetic\/#Purple_Clothing_Trends\" title=\"Tendencias de ropa morada\">Tendencias de ropa morada<\/a><\/li><li class='ez-toc-page-1 ez-toc-heading-level-3'><a class=\"ez-toc-link ez-toc-heading-5\" href=\"https:\/\/www.ifoto.ai\/blog\/es\/purple-aesthetic\/#Purple_Home_Decor_and_Interior_Design\" title=\"Decoraci\u00f3n del hogar y dise\u00f1o de interiores morados.\">Decoraci\u00f3n del hogar y dise\u00f1o de interiores morados.<\/a><\/li><\/ul><\/li><li class='ez-toc-page-1 ez-toc-heading-level-2'><a class=\"ez-toc-link ez-toc-heading-6\" href=\"https:\/\/www.ifoto.ai\/blog\/es\/purple-aesthetic\/#Purple_Aesthetic_in_Art_and_Photography\" title=\"Est\u00e9tica p\u00farpura en el arte y la fotograf\u00eda\">Est\u00e9tica p\u00farpura en el arte y la fotograf\u00eda<\/a><ul class='ez-toc-list-level-3' ><li class='ez-toc-heading-level-3'><a class=\"ez-toc-link ez-toc-heading-7\" href=\"https:\/\/www.ifoto.ai\/blog\/es\/purple-aesthetic\/#Famous_Purple_Artworks\" title=\"Famosas obras de arte moradas\">Famosas obras de arte moradas<\/a><\/li><li class='ez-toc-page-1 ez-toc-heading-level-3'><a class=\"ez-toc-link ez-toc-heading-8\" href=\"https:\/\/www.ifoto.ai\/blog\/es\/purple-aesthetic\/#Capturing_the_Essence_of_Purple_in_Photography\" title=\"Capturando la esencia del morado en fotograf\u00eda\">Capturando la esencia del morado en fotograf\u00eda<\/a><\/li><\/ul><\/li><li class='ez-toc-page-1 ez-toc-heading-level-2'><a class=\"ez-toc-link ez-toc-heading-9\" href=\"https:\/\/www.ifoto.ai\/blog\/es\/purple-aesthetic\/#Purple_Aesthetic_in_Nature\" title=\"Est\u00e9tica p\u00farpura en la naturaleza\">Est\u00e9tica p\u00farpura en la naturaleza<\/a><ul class='ez-toc-list-level-3' ><li class='ez-toc-heading-level-3'><a class=\"ez-toc-link ez-toc-heading-10\" href=\"https:\/\/www.ifoto.ai\/blog\/es\/purple-aesthetic\/#Purple_Flowers_and_Plants\" title=\"Flores y plantas moradas.\">Flores y plantas moradas.<\/a><\/li><li class='ez-toc-page-1 ez-toc-heading-level-3'><a class=\"ez-toc-link ez-toc-heading-11\" href=\"https:\/\/www.ifoto.ai\/blog\/es\/purple-aesthetic\/#Purple_Landscapes_and_Natural_Wonders\" title=\"Paisajes morados y maravillas naturales\">Paisajes morados y maravillas naturales<\/a><\/li><\/ul><\/li><li class='ez-toc-page-1 ez-toc-heading-level-2'><a class=\"ez-toc-link ez-toc-heading-12\" href=\"https:\/\/www.ifoto.ai\/blog\/es\/purple-aesthetic\/#Using_Purple_Aesthetic_in_Social_Media_and_Branding\" title=\"Uso de la est\u00e9tica p\u00farpura en las redes sociales y la marca\">Uso de la est\u00e9tica p\u00farpura en las redes sociales y la marca<\/a><ul class='ez-toc-list-level-3' ><li class='ez-toc-heading-level-3'><a class=\"ez-toc-link ez-toc-heading-13\" href=\"https:\/\/www.ifoto.ai\/blog\/es\/purple-aesthetic\/#Creating_a_Purple-themed_Social_Media_Feed\" title=\"Creaci\u00f3n de un feed de redes sociales con tem\u00e1tica morada\">Creaci\u00f3n de un feed de redes sociales con tem\u00e1tica morada<\/a><\/li><li class='ez-toc-page-1 ez-toc-heading-level-3'><a class=\"ez-toc-link ez-toc-heading-14\" href=\"https:\/\/www.ifoto.ai\/blog\/es\/purple-aesthetic\/#Incorporating_Purple_in_Brand_Identity\" title=\"Incorporaci\u00f3n del morado en la identidad de marca\">Incorporaci\u00f3n del morado en la identidad de marca<\/a><\/li><\/ul><\/li><li class='ez-toc-page-1 ez-toc-heading-level-2'><a class=\"ez-toc-link ez-toc-heading-15\" href=\"https:\/\/www.ifoto.ai\/blog\/es\/purple-aesthetic\/#Conclusion\" title=\"Conclusi\u00f3n\">Conclusi\u00f3n<\/a><\/li><li class='ez-toc-page-1 ez-toc-heading-level-2'><a class=\"ez-toc-link ez-toc-heading-16\" href=\"https:\/\/www.ifoto.ai\/blog\/es\/purple-aesthetic\/#Frequently_Asked_Questions\" title=\"Preguntas frecuentes\">Preguntas frecuentes<\/a><\/li><\/ul><\/nav><\/div>\n<h2 class=\"wp-block-heading\" id=\"introduction-to-purple-aesthetic\"><span class=\"ez-toc-section\" id=\"Introduction_to_Purple_Aesthetic\"><\/span>Introducci\u00f3n a la est\u00e9tica morada<span class=\"ez-toc-section-end\"><\/span><\/h2>\n\n\n\n<p>En esta secci\u00f3n, presentaremos el concepto de la est\u00e9tica p\u00farpura, su popularidad y la intriga que genera para individuos de diferentes culturas y generaciones.<\/p>\n\n\n\n<figure class=\"wp-block-image size-large\"><img loading=\"lazy\" decoding=\"async\" width=\"1024\" height=\"317\" src=\"https:\/\/www.ifoto.ai\/blog\/wp-content\/uploads\/purple-aesthetic-color-1024x317.jpg\" alt=\"Color est\u00e9tico morado\" class=\"wp-image-3073\" srcset=\"https:\/\/www.ifoto.ai\/blog\/wp-content\/uploads\/purple-aesthetic-color-1024x317.jpg 1024w, https:\/\/www.ifoto.ai\/blog\/wp-content\/uploads\/purple-aesthetic-color-300x93.jpg 300w, https:\/\/www.ifoto.ai\/blog\/wp-content\/uploads\/purple-aesthetic-color-768x238.jpg 768w, https:\/\/www.ifoto.ai\/blog\/wp-content\/uploads\/purple-aesthetic-color.jpg 1427w\" sizes=\"(max-width: 1024px) 100vw, 1024px\" \/><\/figure>\n\n\n\n<h2 class=\"wp-block-heading\" id=\"the-psychology-of-purple\"><span class=\"ez-toc-section\" id=\"The_Psychology_of_Purple\"><\/span>La psicolog\u00eda del morado<span class=\"ez-toc-section-end\"><\/span><\/h2>\n\n\n\n<p>Profundizando en la psicolog\u00eda del morado, descubriremos las emociones y significados asociados a este color. Desde la realeza y el lujo hasta la espiritualidad y la creatividad, el morado tiene un rico simbolismo que impacta nuestras percepciones.<\/p>\n\n\n\n<h2 class=\"wp-block-heading\" id=\"purple-aesthetic-in-fashion-and-design\"><span class=\"ez-toc-section\" id=\"Purple_Aesthetic_in_Fashion_and_Design\"><\/span>Est\u00e9tica morada en moda y dise\u00f1o.<span class=\"ez-toc-section-end\"><\/span><\/h2>\n\n\n\n<h3 class=\"wp-block-heading\" id=\"purple-clothing-trends\"><span class=\"ez-toc-section\" id=\"Purple_Clothing_Trends\"><\/span>Tendencias de ropa morada<span class=\"ez-toc-section-end\"><\/span><\/h3>\n\n\n\n<p>Desde elegantes vestidos de noche hasta ropa informal de calle, el morado ha dejado su huella en la industria de la moda. Exploraremos las \u00faltimas tendencias de la moda morada y brindaremos consejos sobre c\u00f3mo incorporar este color a su guardarropa.<\/p>\n\n\n\n<h3 class=\"wp-block-heading\" id=\"purple-home-decor-and-interior-design\"><span class=\"ez-toc-section\" id=\"Purple_Home_Decor_and_Interior_Design\"><\/span>Decoraci\u00f3n del hogar y dise\u00f1o de interiores morados.<span class=\"ez-toc-section-end\"><\/span><\/h3>\n\n\n\n<p>El morado a\u00f1ade un toque de sofisticaci\u00f3n y lujo a cualquier espacio. Descubra c\u00f3mo infundir violeta en la decoraci\u00f3n de su hogar, ya sea a trav\u00e9s de muebles, paredes <a href=\"https:\/\/www.ifoto.ai\/change-background-color\">colores<\/a>o accesorios. Exploraremos varios estilos de dise\u00f1o y brindaremos inspiraci\u00f3n para crear un santuario p\u00farpura.<\/p>\n\n\n\n<h2 class=\"wp-block-heading\" id=\"purple-aesthetic-in-art-and-photography\"><span class=\"ez-toc-section\" id=\"Purple_Aesthetic_in_Art_and_Photography\"><\/span>Est\u00e9tica p\u00farpura en el arte y la fotograf\u00eda<span class=\"ez-toc-section-end\"><\/span><\/h2>\n\n\n\n<h3 class=\"wp-block-heading\" id=\"famous-purple-artworks\"><span class=\"ez-toc-section\" id=\"Famous_Purple_Artworks\"><\/span>Famosas obras de arte moradas<span class=\"ez-toc-section-end\"><\/span><\/h3>\n\n\n\n<p>El morado ha inspirado a innumerables artistas a lo largo de la historia. Exhibiremos obras de arte de renombre que presentan de manera destacada el color p\u00farpura y discutiremos las t\u00e9cnicas y el simbolismo detr\u00e1s de estas obras maestras.<\/p>\n\n\n\n<h3 class=\"wp-block-heading\" id=\"capturing-the-essence-of-purple-in-photography\"><span class=\"ez-toc-section\" id=\"Capturing_the_Essence_of_Purple_in_Photography\"><\/span>Capturando la esencia del morado en fotograf\u00eda<span class=\"ez-toc-section-end\"><\/span><\/h3>\n\n\n\n<p>Los fot\u00f3grafos tienen una habilidad \u00fanica para capturar la esencia de <a href=\"https:\/\/www.ifoto.ai\/change-background-color\">colores<\/a>. En esta secci\u00f3n, profundizaremos en el arte de capturar impresionantes paisajes de color p\u00farpura, vibrantes flores de color p\u00farpura y otros cautivadores sujetos de color p\u00farpura a trav\u00e9s de la lente.<\/p>\n\n\n\n<h2 class=\"wp-block-heading\" id=\"purple-aesthetic-in-nature\"><span class=\"ez-toc-section\" id=\"Purple_Aesthetic_in_Nature\"><\/span>Est\u00e9tica p\u00farpura en la naturaleza<span class=\"ez-toc-section-end\"><\/span><\/h2>\n\n\n\n<h3 class=\"wp-block-heading\" id=\"purple-flowers-and-plants\"><span class=\"ez-toc-section\" id=\"Purple_Flowers_and_Plants\"><\/span>Flores y plantas moradas.<span class=\"ez-toc-section-end\"><\/span><\/h3>\n\n\n\n<p>La naturaleza est\u00e1 repleta de maravillas violetas. Exploraremos una variedad de flores y plantas de color p\u00farpura, discutiremos sus caracter\u00edsticas, simbolismo y las mejores formas de incorporarlas a su jard\u00edn o arreglos florales.<\/p>\n\n\n\n<h3 class=\"wp-block-heading\" id=\"purple-landscapes-and-natural-wonders\"><span class=\"ez-toc-section\" id=\"Purple_Landscapes_and_Natural_Wonders\"><\/span>Paisajes morados y maravillas naturales<span class=\"ez-toc-section-end\"><\/span><\/h3>\n\n\n\n<p>Desde campos de lavanda hasta m\u00edsticos atardeceres, la naturaleza nos presenta impresionantes paisajes de color p\u00farpura. \u00danase a nosotros en un viaje virtual a trav\u00e9s de algunas de las maravillas naturales m\u00e1s impresionantes del mundo, donde el p\u00farpura reina.<\/p>\n\n\n\n<h2 class=\"wp-block-heading\" id=\"using-purple-aesthetic-in-social-media-and-branding\"><span class=\"ez-toc-section\" id=\"Using_Purple_Aesthetic_in_Social_Media_and_Branding\"><\/span>Uso de la est\u00e9tica p\u00farpura en las redes sociales y la marca<span class=\"ez-toc-section-end\"><\/span><\/h2>\n\n\n\n<h3 class=\"wp-block-heading\" id=\"creating-a-purple-themed-social-media-feed\"><span class=\"ez-toc-section\" id=\"Creating_a_Purple-themed_Social_Media_Feed\"><\/span>Creaci\u00f3n de un feed de redes sociales con tem\u00e1tica morada<span class=\"ez-toc-section-end\"><\/span><\/h3>\n\n\n\n<p>Los feeds de las redes sociales se pueden transformar en obras de arte visualmente atractivas adoptando una est\u00e9tica violeta. Brindaremos informaci\u00f3n y consejos sobre c\u00f3mo seleccionar un feed de tem\u00e1tica p\u00farpura coherente y llamativo que cautive a sus seguidores.<\/p>\n\n\n\n<h3 class=\"wp-block-heading\" id=\"incorporating-purple-in-brand-identity\"><span class=\"ez-toc-section\" id=\"Incorporating_Purple_in_Brand_Identity\"><\/span>Incorporaci\u00f3n del morado en la identidad de marca<span class=\"ez-toc-section-end\"><\/span><\/h3>\n\n\n\n<p>El morado tiene un inmenso potencial en lo que respecta a la marca. Exploraremos c\u00f3mo las empresas pueden aprovechar el poder del color p\u00farpura para crear una identidad de marca s\u00f3lida que resuene en su p\u00fablico objetivo.<\/p>\n\n\n\n<h2 class=\"wp-block-heading\" id=\"conclusion\"><span class=\"ez-toc-section\" id=\"Conclusion\"><\/span>Conclusi\u00f3n<span class=\"ez-toc-section-end\"><\/span><\/h2>\n\n\n\n<p>En la secci\u00f3n final, resumiremos el encantador viaje en el que nos hemos embarcado mientras exploramos el <a href=\"https:\/\/www.ifoto.ai\/purple-background\">est\u00e9tica morada<\/a>. Haremos hincapi\u00e9 en su versatilidad e impacto en varios campos, dejando a los lectores inspirados para abrazar el atractivo del morado en sus vidas.<\/p>\n\n\n\n<hr class=\"wp-block-separator has-alpha-channel-opacity\"\/>\n\n\n\n<h2 class=\"wp-block-heading\" id=\"frequently-asked-questions\"><span class=\"ez-toc-section\" id=\"Frequently_Asked_Questions\"><\/span>Preguntas frecuentes<span class=\"ez-toc-section-end\"><\/span><\/h2>\n\n\n\n<p><strong>1. \u00bfPor qu\u00e9 el morado se considera un color est\u00e9tico?<\/strong> <\/p>\n\n\n\n<p><a href=\"https:\/\/www.ifoto.ai\/purple-background\">P\u00farpura<\/a> A menudo se asocia con la creatividad, la espiritualidad y el lujo, lo que lo convierte en una opci\u00f3n popular para crear una est\u00e9tica visualmente atractiva.<\/p>\n\n\n\n<p><strong>2. \u00bfC\u00f3mo puedo incorporar el morado a mis elecciones de moda cotidianas?<\/strong> <\/p>\n\n\n\n<p>Puedes empezar a\u00f1adiendo accesorios morados, como bufandas o joyas, a tus conjuntos. Experimenta con diferentes tonos de morado y encuentra el que mejor se adapte a tu estilo personal.<\/p>\n\n\n\n<p><strong>3. \u00bfExisten obras de arte famosas con temas morados?<\/strong> <\/p>\n\n\n\n<p>S\u00ed, obras de arte como \u201cLa noche estrellada\u201d de Vincent van Gogh y \u201cLa joven de la perla\u201d de Johannes Vermeer presentan de manera destacada tonos de p\u00farpura.<\/p>\n\n\n\n<p><strong>4. \u00bfSe puede utilizar el morado como color de marca para empresas?<\/strong> <\/p>\n\n\n\n<p>\u00a1Absolutamente! El morado puede transmitir una sensaci\u00f3n de creatividad, singularidad y sofisticaci\u00f3n, lo que lo convierte en una excelente opci\u00f3n para las empresas que buscan crear una identidad de marca memorable.<\/p>\n\n\n\n<p><strong>5. \u00bfQu\u00e9 flores violetas son populares para los jardines?<\/strong> <\/p>\n\n\n\n<p>Algunas flores violetas populares para los jardines incluyen lavanda, lirios, hortensias y pensamientos. Estas flores a\u00f1aden un toque de elegancia y encanto a cualquier espacio exterior.<\/p>","protected":false},"excerpt":{"rendered":"<p>Desde misteriosos atardeceres hasta delicadas flores, el morado siempre ha cautivado la mirada humana. Este art\u00edculo optimizado para SEO se adentra en el mundo de la &quot;est\u00e9tica morada&quot;: el encanto de este cautivador color. Acomp\u00e1\u00f1enos a explorar la psicolog\u00eda detr\u00e1s del morado, su presencia en diversos campos creativos y maneras de incorporarlo a su vida. [\u2026]<\/p>","protected":false},"author":2,"featured_media":1421,"comment_status":"closed","ping_status":"closed","sticky":false,"template":"","format":"standard","meta":{"_gspb_post_css":"","footnotes":""},"categories":[18],"tags":[67],"post_folder":[],"class_list":["post-1420","post","type-post","status-publish","format-standard","has-post-thumbnail","hentry","category-color-changer","tag-color-changer"],"blocksy_meta":[],"yoast_head":"<!-- This site is optimized with the Yoast SEO plugin v22.8 - https:\/\/yoast.com\/wordpress\/plugins\/seo\/ -->\n<title>Purple Aesthetic: Exploring the Enchanting World of Purple - iFoto&#039;s Blog<\/title>\n<meta name=\"description\" content=\"Discover the mesmerizing world of purple aesthetic. From fashion to nature, immerse yourself in the enchanting allure of purple. Explore purple artwork, photography, and more.\" \/>\n<meta name=\"robots\" content=\"index, follow, max-snippet:-1, max-image-preview:large, max-video-preview:-1\" \/>\n<link rel=\"canonical\" href=\"https:\/\/www.ifoto.ai\/blog\/es\/purple-aesthetic\/\" \/>\n<meta property=\"og:locale\" content=\"es_ES\" \/>\n<meta property=\"og:type\" content=\"article\" \/>\n<meta property=\"og:title\" content=\"Purple Aesthetic: Exploring the Enchanting World of Purple - iFoto&#039;s Blog\" \/>\n<meta property=\"og:description\" content=\"Discover the mesmerizing world of purple aesthetic. From fashion to nature, immerse yourself in the enchanting allure of purple. Explore purple artwork, photography, and more.\" \/>\n<meta property=\"og:url\" content=\"https:\/\/www.ifoto.ai\/blog\/es\/purple-aesthetic\/\" \/>\n<meta property=\"og:site_name\" content=\"iFoto&#039;s Blog\" \/>\n<meta property=\"article:publisher\" content=\"https:\/\/www.facebook.com\/profile.php?id=61551516646824\" \/>\n<meta property=\"article:published_time\" content=\"2024-01-17T08:20:42+00:00\" \/>\n<meta property=\"article:modified_time\" content=\"2024-06-04T06:56:59+00:00\" \/>\n<meta property=\"og:image\" content=\"https:\/\/www.ifoto.ai\/blog\/wp-content\/uploads\/purple-aesthetic.jpg\" \/>\n\t<meta property=\"og:image:width\" content=\"900\" \/>\n\t<meta property=\"og:image:height\" content=\"538\" \/>\n\t<meta property=\"og:image:type\" content=\"image\/jpeg\" \/>\n<meta name=\"author\" content=\"Miguel\" \/>\n<meta name=\"twitter:card\" content=\"summary_large_image\" \/>\n<meta name=\"twitter:creator\" content=\"@AiIfoto70438\" \/>\n<meta name=\"twitter:site\" content=\"@AiIfoto70438\" \/>\n<meta name=\"twitter:label1\" content=\"Escrito por\" \/>\n\t<meta name=\"twitter:data1\" content=\"Miguel\" \/>\n\t<meta name=\"twitter:label2\" content=\"Tiempo de lectura\" \/>\n\t<meta name=\"twitter:data2\" content=\"4 minutos\" \/>\n<script type=\"application\/ld+json\" class=\"yoast-schema-graph\">{\"@context\":\"https:\/\/schema.org\",\"@graph\":[{\"@type\":\"Article\",\"@id\":\"https:\/\/www.ifoto.ai\/blog\/purple-aesthetic\/#article\",\"isPartOf\":{\"@id\":\"https:\/\/www.ifoto.ai\/blog\/purple-aesthetic\/\"},\"author\":{\"name\":\"Miguel\",\"@id\":\"https:\/\/ifoto.ai\/blog\/#\/schema\/person\/370585c338056ec6ef79f5a41bd81e96\"},\"headline\":\"Purple Aesthetic: Exploring the Enchanting World of Purple\",\"datePublished\":\"2024-01-17T08:20:42+00:00\",\"dateModified\":\"2024-06-04T06:56:59+00:00\",\"mainEntityOfPage\":{\"@id\":\"https:\/\/www.ifoto.ai\/blog\/purple-aesthetic\/\"},\"wordCount\":686,\"publisher\":{\"@id\":\"https:\/\/ifoto.ai\/blog\/#organization\"},\"image\":{\"@id\":\"https:\/\/www.ifoto.ai\/blog\/purple-aesthetic\/#primaryimage\"},\"thumbnailUrl\":\"https:\/\/www.ifoto.ai\/blog\/wp-content\/uploads\/purple-aesthetic.jpg\",\"keywords\":[\"Color Changer\"],\"articleSection\":[\"Color Changer\"],\"inLanguage\":\"es\"},{\"@type\":\"WebPage\",\"@id\":\"https:\/\/www.ifoto.ai\/blog\/purple-aesthetic\/\",\"url\":\"https:\/\/www.ifoto.ai\/blog\/purple-aesthetic\/\",\"name\":\"Purple Aesthetic: Exploring the Enchanting World of Purple - iFoto&#039;s Blog\",\"isPartOf\":{\"@id\":\"https:\/\/ifoto.ai\/blog\/#website\"},\"primaryImageOfPage\":{\"@id\":\"https:\/\/www.ifoto.ai\/blog\/purple-aesthetic\/#primaryimage\"},\"image\":{\"@id\":\"https:\/\/www.ifoto.ai\/blog\/purple-aesthetic\/#primaryimage\"},\"thumbnailUrl\":\"https:\/\/www.ifoto.ai\/blog\/wp-content\/uploads\/purple-aesthetic.jpg\",\"datePublished\":\"2024-01-17T08:20:42+00:00\",\"dateModified\":\"2024-06-04T06:56:59+00:00\",\"description\":\"Discover the mesmerizing world of purple aesthetic. From fashion to nature, immerse yourself in the enchanting allure of purple. Explore purple artwork, photography, and more.\",\"breadcrumb\":{\"@id\":\"https:\/\/www.ifoto.ai\/blog\/purple-aesthetic\/#breadcrumb\"},\"inLanguage\":\"es\",\"potentialAction\":[{\"@type\":\"ReadAction\",\"target\":[\"https:\/\/www.ifoto.ai\/blog\/purple-aesthetic\/\"]}]},{\"@type\":\"ImageObject\",\"inLanguage\":\"es\",\"@id\":\"https:\/\/www.ifoto.ai\/blog\/purple-aesthetic\/#primaryimage\",\"url\":\"https:\/\/www.ifoto.ai\/blog\/wp-content\/uploads\/purple-aesthetic.jpg\",\"contentUrl\":\"https:\/\/www.ifoto.ai\/blog\/wp-content\/uploads\/purple-aesthetic.jpg\",\"width\":900,\"height\":538,\"caption\":\"Purple Aesthetic\"},{\"@type\":\"BreadcrumbList\",\"@id\":\"https:\/\/www.ifoto.ai\/blog\/purple-aesthetic\/#breadcrumb\",\"itemListElement\":[{\"@type\":\"ListItem\",\"position\":1,\"name\":\"Home\",\"item\":\"https:\/\/www.ifoto.ai\/blog\/\"},{\"@type\":\"ListItem\",\"position\":2,\"name\":\"Purple Aesthetic: Exploring the Enchanting World of Purple\"}]},{\"@type\":\"WebSite\",\"@id\":\"https:\/\/ifoto.ai\/blog\/#website\",\"url\":\"https:\/\/ifoto.ai\/blog\/\",\"name\":\"iFoto's Blog\",\"description\":\"Trending AI Tools\",\"publisher\":{\"@id\":\"https:\/\/ifoto.ai\/blog\/#organization\"},\"potentialAction\":[{\"@type\":\"SearchAction\",\"target\":{\"@type\":\"EntryPoint\",\"urlTemplate\":\"https:\/\/ifoto.ai\/blog\/?s={search_term_string}\"},\"query-input\":\"required name=search_term_string\"}],\"inLanguage\":\"es\"},{\"@type\":\"Organization\",\"@id\":\"https:\/\/ifoto.ai\/blog\/#organization\",\"name\":\"iFoto's Blog\",\"url\":\"https:\/\/ifoto.ai\/blog\/\",\"logo\":{\"@type\":\"ImageObject\",\"inLanguage\":\"es\",\"@id\":\"https:\/\/ifoto.ai\/blog\/#\/schema\/logo\/image\/\",\"url\":\"https:\/\/www.ifoto.ai\/blog\/wp-content\/uploads\/ifoto-logo.png\",\"contentUrl\":\"https:\/\/www.ifoto.ai\/blog\/wp-content\/uploads\/ifoto-logo.png\",\"width\":154,\"height\":52,\"caption\":\"iFoto's Blog\"},\"image\":{\"@id\":\"https:\/\/ifoto.ai\/blog\/#\/schema\/logo\/image\/\"},\"sameAs\":[\"https:\/\/www.facebook.com\/profile.php?id=61551516646824\",\"https:\/\/x.com\/AiIfoto70438\"]},{\"@type\":\"Person\",\"@id\":\"https:\/\/ifoto.ai\/blog\/#\/schema\/person\/370585c338056ec6ef79f5a41bd81e96\",\"name\":\"Miguel\",\"image\":{\"@type\":\"ImageObject\",\"inLanguage\":\"es\",\"@id\":\"https:\/\/ifoto.ai\/blog\/#\/schema\/person\/image\/\",\"url\":\"https:\/\/secure.gravatar.com\/avatar\/4b283c9b269b6fe928601d33076a3970?s=96&d=mm&r=g\",\"contentUrl\":\"https:\/\/secure.gravatar.com\/avatar\/4b283c9b269b6fe928601d33076a3970?s=96&d=mm&r=g\",\"caption\":\"Miguel\"},\"description\":\"I love the challenge of discovering new and innovative AI tools that can be used to improve and streamline workflows. I'm always striving to stay up-to-date with the latest developments in AI and to never stop learning.\",\"url\":\"https:\/\/www.ifoto.ai\/blog\/es\/author\/miguel\/\"}]}<\/script>\n<!-- \/ Yoast SEO plugin. -->","yoast_head_json":{"title":"Purple Aesthetic: Exploring the Enchanting World of Purple - iFoto&#039;s Blog","description":"Discover the mesmerizing world of purple aesthetic. From fashion to nature, immerse yourself in the enchanting allure of purple. Explore purple artwork, photography, and more.","robots":{"index":"index","follow":"follow","max-snippet":"max-snippet:-1","max-image-preview":"max-image-preview:large","max-video-preview":"max-video-preview:-1"},"canonical":"https:\/\/www.ifoto.ai\/blog\/es\/purple-aesthetic\/","og_locale":"es_ES","og_type":"article","og_title":"Purple Aesthetic: Exploring the Enchanting World of Purple - iFoto&#039;s Blog","og_description":"Discover the mesmerizing world of purple aesthetic. From fashion to nature, immerse yourself in the enchanting allure of purple. Explore purple artwork, photography, and more.","og_url":"https:\/\/www.ifoto.ai\/blog\/es\/purple-aesthetic\/","og_site_name":"iFoto&#039;s Blog","article_publisher":"https:\/\/www.facebook.com\/profile.php?id=61551516646824","article_published_time":"2024-01-17T08:20:42+00:00","article_modified_time":"2024-06-04T06:56:59+00:00","og_image":[{"width":900,"height":538,"url":"https:\/\/www.ifoto.ai\/blog\/wp-content\/uploads\/purple-aesthetic.jpg","type":"image\/jpeg"}],"author":"Miguel","twitter_card":"summary_large_image","twitter_creator":"@AiIfoto70438","twitter_site":"@AiIfoto70438","twitter_misc":{"Escrito por":"Miguel","Tiempo de lectura":"4 minutos"},"schema":{"@context":"https:\/\/schema.org","@graph":[{"@type":"Article","@id":"https:\/\/www.ifoto.ai\/blog\/purple-aesthetic\/#article","isPartOf":{"@id":"https:\/\/www.ifoto.ai\/blog\/purple-aesthetic\/"},"author":{"name":"Miguel","@id":"https:\/\/ifoto.ai\/blog\/#\/schema\/person\/370585c338056ec6ef79f5a41bd81e96"},"headline":"Purple Aesthetic: Exploring the Enchanting World of Purple","datePublished":"2024-01-17T08:20:42+00:00","dateModified":"2024-06-04T06:56:59+00:00","mainEntityOfPage":{"@id":"https:\/\/www.ifoto.ai\/blog\/purple-aesthetic\/"},"wordCount":686,"publisher":{"@id":"https:\/\/ifoto.ai\/blog\/#organization"},"image":{"@id":"https:\/\/www.ifoto.ai\/blog\/purple-aesthetic\/#primaryimage"},"thumbnailUrl":"https:\/\/www.ifoto.ai\/blog\/wp-content\/uploads\/purple-aesthetic.jpg","keywords":["Color Changer"],"articleSection":["Color Changer"],"inLanguage":"es"},{"@type":"WebPage","@id":"https:\/\/www.ifoto.ai\/blog\/purple-aesthetic\/","url":"https:\/\/www.ifoto.ai\/blog\/purple-aesthetic\/","name":"Purple Aesthetic: Exploring the Enchanting World of Purple - iFoto&#039;s Blog","isPartOf":{"@id":"https:\/\/ifoto.ai\/blog\/#website"},"primaryImageOfPage":{"@id":"https:\/\/www.ifoto.ai\/blog\/purple-aesthetic\/#primaryimage"},"image":{"@id":"https:\/\/www.ifoto.ai\/blog\/purple-aesthetic\/#primaryimage"},"thumbnailUrl":"https:\/\/www.ifoto.ai\/blog\/wp-content\/uploads\/purple-aesthetic.jpg","datePublished":"2024-01-17T08:20:42+00:00","dateModified":"2024-06-04T06:56:59+00:00","description":"Discover the mesmerizing world of purple aesthetic. From fashion to nature, immerse yourself in the enchanting allure of purple. Explore purple artwork, photography, and more.","breadcrumb":{"@id":"https:\/\/www.ifoto.ai\/blog\/purple-aesthetic\/#breadcrumb"},"inLanguage":"es","potentialAction":[{"@type":"ReadAction","target":["https:\/\/www.ifoto.ai\/blog\/purple-aesthetic\/"]}]},{"@type":"ImageObject","inLanguage":"es","@id":"https:\/\/www.ifoto.ai\/blog\/purple-aesthetic\/#primaryimage","url":"https:\/\/www.ifoto.ai\/blog\/wp-content\/uploads\/purple-aesthetic.jpg","contentUrl":"https:\/\/www.ifoto.ai\/blog\/wp-content\/uploads\/purple-aesthetic.jpg","width":900,"height":538,"caption":"Purple Aesthetic"},{"@type":"BreadcrumbList","@id":"https:\/\/www.ifoto.ai\/blog\/purple-aesthetic\/#breadcrumb","itemListElement":[{"@type":"ListItem","position":1,"name":"Home","item":"https:\/\/www.ifoto.ai\/blog\/"},{"@type":"ListItem","position":2,"name":"Purple Aesthetic: Exploring the Enchanting World of Purple"}]},{"@type":"WebSite","@id":"https:\/\/ifoto.ai\/blog\/#website","url":"https:\/\/ifoto.ai\/blog\/","name":"iFoto's Blog","description":"Trending AI Tools","publisher":{"@id":"https:\/\/ifoto.ai\/blog\/#organization"},"potentialAction":[{"@type":"SearchAction","target":{"@type":"EntryPoint","urlTemplate":"https:\/\/ifoto.ai\/blog\/?s={search_term_string}"},"query-input":"required name=search_term_string"}],"inLanguage":"es"},{"@type":"Organization","@id":"https:\/\/ifoto.ai\/blog\/#organization","name":"iFoto's Blog","url":"https:\/\/ifoto.ai\/blog\/","logo":{"@type":"ImageObject","inLanguage":"es","@id":"https:\/\/ifoto.ai\/blog\/#\/schema\/logo\/image\/","url":"https:\/\/www.ifoto.ai\/blog\/wp-content\/uploads\/ifoto-logo.png","contentUrl":"https:\/\/www.ifoto.ai\/blog\/wp-content\/uploads\/ifoto-logo.png","width":154,"height":52,"caption":"iFoto's Blog"},"image":{"@id":"https:\/\/ifoto.ai\/blog\/#\/schema\/logo\/image\/"},"sameAs":["https:\/\/www.facebook.com\/profile.php?id=61551516646824","https:\/\/x.com\/AiIfoto70438"]},{"@type":"Person","@id":"https:\/\/ifoto.ai\/blog\/#\/schema\/person\/370585c338056ec6ef79f5a41bd81e96","name":"Miguel","image":{"@type":"ImageObject","inLanguage":"es","@id":"https:\/\/ifoto.ai\/blog\/#\/schema\/person\/image\/","url":"https:\/\/secure.gravatar.com\/avatar\/4b283c9b269b6fe928601d33076a3970?s=96&d=mm&r=g","contentUrl":"https:\/\/secure.gravatar.com\/avatar\/4b283c9b269b6fe928601d33076a3970?s=96&d=mm&r=g","caption":"Miguel"},"description":"I love the challenge of discovering new and innovative AI tools that can be used to improve and streamline workflows. I'm always striving to stay up-to-date with the latest developments in AI and to never stop learning.","url":"https:\/\/www.ifoto.ai\/blog\/es\/author\/miguel\/"}]}},"jetpack_featured_media_url":"https:\/\/www.ifoto.ai\/blog\/wp-content\/uploads\/purple-aesthetic.jpg","_links":{"self":[{"href":"https:\/\/www.ifoto.ai\/blog\/es\/wp-json\/wp\/v2\/posts\/1420"}],"collection":[{"href":"https:\/\/www.ifoto.ai\/blog\/es\/wp-json\/wp\/v2\/posts"}],"about":[{"href":"https:\/\/www.ifoto.ai\/blog\/es\/wp-json\/wp\/v2\/types\/post"}],"author":[{"embeddable":true,"href":"https:\/\/www.ifoto.ai\/blog\/es\/wp-json\/wp\/v2\/users\/2"}],"replies":[{"embeddable":true,"href":"https:\/\/www.ifoto.ai\/blog\/es\/wp-json\/wp\/v2\/comments?post=1420"}],"version-history":[{"count":3,"href":"https:\/\/www.ifoto.ai\/blog\/es\/wp-json\/wp\/v2\/posts\/1420\/revisions"}],"predecessor-version":[{"id":3944,"href":"https:\/\/www.ifoto.ai\/blog\/es\/wp-json\/wp\/v2\/posts\/1420\/revisions\/3944"}],"wp:featuredmedia":[{"embeddable":true,"href":"https:\/\/www.ifoto.ai\/blog\/es\/wp-json\/wp\/v2\/media\/1421"}],"wp:attachment":[{"href":"https:\/\/www.ifoto.ai\/blog\/es\/wp-json\/wp\/v2\/media?parent=1420"}],"wp:term":[{"taxonomy":"category","embeddable":true,"href":"https:\/\/www.ifoto.ai\/blog\/es\/wp-json\/wp\/v2\/categories?post=1420"},{"taxonomy":"post_tag","embeddable":true,"href":"https:\/\/www.ifoto.ai\/blog\/es\/wp-json\/wp\/v2\/tags?post=1420"},{"taxonomy":"post_folder","embeddable":true,"href":"https:\/\/www.ifoto.ai\/blog\/es\/wp-json\/wp\/v2\/post_folder?post=1420"}],"curies":[{"name":"wp","href":"https:\/\/api.w.org\/{rel}","templated":true}]}}